{"id":1475,"date":"2013-09-29T00:21:39","date_gmt":"2013-09-28T22:21:39","guid":{"rendered":"http:\/\/www.circololarocca.it\/larocca\/?p=1475"},"modified":"2013-09-29T00:24:00","modified_gmt":"2013-09-28T22:24:00","slug":"tamburi-lontani-rassegna-stampa-non-conforme-settembre-2013","status":"publish","type":"post","link":"https:\/\/www.circololarocca.it\/larocca\/tamburi-lontani-rassegna-stampa-non-conforme-settembre-2013\/","title":{"rendered":"Tamburi Lontani &#8211; Rassegna stampa non conforme Settembre 2013"},"content":{"rendered":"<p><b>LIBERTA\u2019 DI PENSIERO: ULTIMA FERMATA<\/b><\/p>\n<p><b>&lt;&lt;<\/b><i>Alle otto di sera nell\u2019aula di Montecitorio i deputati del Movimento 5 stelle si baciano: maschi con maschi, femmine con femmine. E\u2019 l\u2019ultimo atto di protesta di una giornata parlamentare interamente dedicata all\u2019omofobia: la legge ieri \u00e8 passata alla Camera, alla fine. E dice che adesso anche l\u2019omofobia sar\u00e0 punita dalla legge Mancino come gi\u00e0 succede per razzismo, xenofobia, antisemitismo<\/i>.&gt;&gt; questo ci racconta Alessandra Arachi\u00a0 sul Corriere di venerd\u00ec 20 settembre. Ma alla fine in cosa consisterebbe l\u2019omofobia punibile con questa legge: forse possiamo capirlo meglio dal senso dell\u2019emendamento (approvato), proposto dal deputato Gitti di Scelta civica. Sempre dal Corriere apprendiamo che:\u00a0 &lt;&lt;<i>E\u2019 un emendamento che esenta dall\u2019azione antidiscriminatoria della legge Mancino le organizzazioni politiche, sindacali, culturali, sanitarie, di istruzione e religiose<\/i>.&gt;&gt; ed il relatore della legge Scalfarotto precisa che l\u2019emendamento in questione: &lt;&lt; [&#8230;] \u201c<i>serve soltanto\u00a0 a tutelare chi la pensa diversamente, come ad esempio chi \u00e8 contrario ai matrimoni<\/i> <i>gay<\/i>.\u201d&gt;&gt;. Tutto bene, rimane da capire come mai in questo \u201clibero e democratico\u201d Paese questa tutela venga riservata a organizzazioni politiche sindacali&#8230;, ma non riguardi ogni cittadino italiano. \u00a0Piccola \u00a0nota, la protesta a suon di baci dei grillini, giusto per evitare equivoci, era indirizzata contro l\u2019emendamento citato: troppa libert\u00e0 di pensiero (ancorch\u00e8 limitata nella realt\u00e0), secondo loro. Grazie Grillo!<\/p>\n<p>&nbsp;<\/p>\n<p><b>LA RIVOLTA DELLA NATURA (UMANA)<\/b><\/p>\n<p>Da SETTE (Corriere della Sera): &lt;&lt;[&#8230;] <i>la Francia deve ora affrontare un\u2019altra materia molto spinosa, quella dell\u2019adozione da parte di coppie omosessuali. Il dibattito entra subito nel vivo con il caso di una coppia di lesbiche alle quali tribunale di Nantes ha imposto di riconoscere al padre<\/i> <i>biologico<\/i> (sic) <i>del<\/i> <i>loro<\/i> (sic) \u00a0<i>bambino il diritto di far visita e di tenere con s\u00e9 il piccolo per alcuni periodi. Il bambino nato un paio di anni fa a Orl\u00e8ans, era stato concepito senza che il padre e la<\/i> <i>madre biologoci<\/i> (scusate esistono altri genitori possibili oltre quelli \u201cbilogoci\u201d che portino alla nascita di un figlio?) <i>avessero una relazione sessuale; il padre era il miglior amico della coppia di<\/i> <i>lesbiche e si era prestato a essere il donatore di sperma<\/i>\u00a0 ( scusate ancora: dopo la donna oggetto, siamo al donatore, maschio; \u00e8 proprio vero che il progresso avanza a grandi passi) <i>che le due donne<\/i> <i>cercavano per poter avere un figlio e coronare cos\u00ec il loro desiderio di famiglia<\/i> ( incredibile : due donne da sole non si riproducono, chiss\u00e0 se dopo l\u2019entrata in vigore della legge sull\u2019omofobia sar\u00e0 ancora possibile affermare questa banale verit\u00e0?). <i>Qualche mese dopo la nascita del piccolo, per\u00f2 il<\/i> <i>padre<\/i> ( non genitore uno oppure genitore due) <i>ha deciso di riconoscere il bambino e ha avviato le<\/i> <i>pratiche necessarie e la conseguente domanda di veder riconosciuti i suoi diritti<\/i>.&gt;&gt; Questa, escluse ovviamente le note tra parentesi, \u00e8 la notizia presentata da Sette a firma Donatella Bogo, e non pare necessario alcun ulteriore commento. Rimane, per dovere di cronaca, da riportare quanto dichiarato dalla madre (se genitore uno oppure due non ci \u00e8 dato sapere): &lt;&lt;[&#8230;] <i>la madre ha obiettato che la famiglia del piccolo \u00e8 composta da lei e dalla sua compagna, che fin dall\u2019inizio il progetto era che la<\/i> <i>sua compagna<\/i> ( anche per lei non sappiamo se si tratti di genitore uno oppure due) <i>avrebbe adottato il bambino, che il padre non avrebbe avuto un ruolo. \u201cLa vita di mio figlio viene sconvolta<\/i> <i>e nessuno se ne preoccupa<\/i>.&gt;&gt;. Invece, pare fosse convinta, che farlo nascere \u201corfano\u201d di padre fosse una grande idea.<\/p>\n<p>&nbsp;<\/p>\n<p><b>PREPARIAMOCI ALL\u2019ESPLOSIONE DELLA PROSSIMA BOLLA FINANZIARIA<\/b><\/p>\n<p>Sacrifici,sacrifici,sacrifici, da Monti a&#8230; Letta, non abbiamo sentito altro da tempo. Dobbiamo redimerci dai nostri peccati di spreconi e dissipatori. Seguendo questa linea nessun sacrificio ci \u00e8 risparmiato. Ma qualche dubbio, sulla utilit\u00e0 di tali sacrifici, emerge leggendo una interessante intervista, apparsa sul Corriere Economia, alla signora Sheila Bair, presidente dal 2006 al 2011 della Fdic, l\u2019ente Usa che garantisce i depositi bancari. Ecco alcune delle domande poste all\u2019ex presidente da Maria Teresa Cometto: &lt;&lt; <b><i>Che cosa \u00e8 cambiato?<\/i><\/b><i> \u201cPoco [&#8230;]molte delle nuove regole previste dalla legge Dodd-Frank del 2010 devono ancora essere scritte o approvate.\u201d <b>La salute del sistema finanziario Usa non \u00e8 migliorata? <\/b>\u201cIn parte[&#8230;]ma resta da definire il nuovo leverage ratio, cio\u00e8 il rapporto trail totale delle attivit\u00e0 rispetto al capitale azionario di una banca. Il capitale deve essere abbastanza alto perch\u00e9 gli azionisti possano assorbire le perdite in caso di crsi invece di scaricarle sulle casse pubbliche come \u00e8 successo nel 2008.\u201d <b>Ci sono ancora quindi banche troppo grandi per fallire? <\/b>\u201cSi, con il rischio che paghino ancora i risparmiatori.[&#8230;]\u201d <b>E i derivati ovvero le \u201carmi di distruzione di massa\u201d della finanza? <\/b>\u201cAlcuni come quelli standardizzati sui tassi di interesse , ora sono trattati in modo centralizzato nelle casse di compensazione e garanzia, ma altri , seondo me i pi\u00f9 pericolosi come i gredit default swaps sono ancora del tutto non regolati.\u201d <b>Al centro nella crisi del 2008 c\u2019erano i mutui subprime e i titoli tossici basati su quei mutui: sono ancora una\u00a0 mina vagante? <\/b>\u201cIl nuovo Ufficio di protezione del consumatore finanziario ha migliorato gli standard dei contratti di mutuo[&#8230;] Ma non \u00e8 passata finora la proposta di imporre a chi impacchetta i titoli basati sui debiti di tenersi in portafoglio almeno il 5% di quei titoli e quindi dei rischi.[&#8230;]<b>\u201d Di chi \u00e8 la colpa dello stallo delle riforme negli Usa? <\/b>\u201cWall Street e le lobby dell\u2019industria finanziaria non hanno perso potere con Obama. Mi pacerebbe vedere il presidente chiamare i leader di tutte le autority e chiedere che finiscano il loro lavoro sulle regole previste <\/i>dalla legge Dodd-Frank. Ma purtroppo non succede.\u201d&gt;&gt;. Come dire una pietra tombale sull\u2019utilit\u00e0 dei sacrifici (tasse,tasse,tasse) che ogni giorno ci vengono imposti.<\/p>\n<p>Osceola*<\/p>\n<p>(Nel 1828 il generale Andrew Jackson, democratico, fu eletto alla Presidenza degli Stati Uniti. [&#8230;] nel 1829 egli var\u00f2 la legge Removal Act, che stabiliva che tutti i nativi appartenenti alle cinque nazioni da pi\u00f9 tempo in contatto con i bianchi e pertanto dette civilizzate [&#8230;] dovessero essere allontanate dai territori dell\u2019Est e risistemate nel lontano Ovest [&#8230;] i Seminole resistettero con le armi. Guidati dal loro capo <b>Osceola, <\/b>in <b>\u00a0<\/b>Florida, essi condussero per anni un\u2019abile e fortunata guerra che consent\u00ec loro di resistere fino al 1842 e guadagn\u00f2 al loro capo il titolo di &lt;Volpe delle Paludi&gt;.[&#8230;] Solo quando Osceola fu catturato mediante un ignobile inganno e imprigionato a Fort\u00a0 Moultrie i Seminole cessarono la resistenza e si trasferirono all\u2019Ovest.)<\/p>\n<p>RAIMONDO LURAGHI, Sul sentiero della guerra<\/p>\n","protected":false},"excerpt":{"rendered":"<p>LIBERTA\u2019 DI PENSIERO: ULTIMA FERMATA &lt;&lt;Alle otto di sera nell\u2019aula di Montecitorio i deputati del Movimento 5 stelle si baciano: maschi con maschi, femmine con femmine. E\u2019 l\u2019ultimo atto di protesta di una giornata parlamentare interamente dedicata all\u2019omofobia: la legge ieri \u00e8 passata alla Camera, alla fine. E dice che adesso anche l\u2019omofobia sar\u00e0 punita &#8230; <a class=\"read-more\" href=\"https:\/\/www.circololarocca.it\/larocca\/tamburi-lontani-rassegna-stampa-non-conforme-settembre-2013\/\">Leggi ancora<\/a><\/p>\n","protected":false},"author":15,"featured_media":1478,"comment_status":"open","ping_status":"closed","sticky":false,"template":"","format":"standard","meta":[],"categories":[11,13],"tags":[],"_links":{"self":[{"href":"https:\/\/www.circololarocca.it\/larocca\/wp-json\/wp\/v2\/posts\/1475"}],"collection":[{"href":"https:\/\/www.circololarocca.it\/larocca\/wp-json\/wp\/v2\/posts"}],"about":[{"href":"https:\/\/www.circololarocca.it\/larocca\/wp-json\/wp\/v2\/types\/post"}],"author":[{"embeddable":true,"href":"https:\/\/www.circololarocca.it\/larocca\/wp-json\/wp\/v2\/users\/15"}],"replies":[{"embeddable":true,"href":"https:\/\/www.circololarocca.it\/larocca\/wp-json\/wp\/v2\/comments?post=1475"}],"version-history":[{"count":3,"href":"https:\/\/www.circololarocca.it\/larocca\/wp-json\/wp\/v2\/posts\/1475\/revisions"}],"predecessor-version":[{"id":1477,"href":"https:\/\/www.circololarocca.it\/larocca\/wp-json\/wp\/v2\/posts\/1475\/revisions\/1477"}],"wp:featuredmedia":[{"embeddable":true,"href":"https:\/\/www.circololarocca.it\/larocca\/wp-json\/wp\/v2\/media\/1478"}],"wp:attachment":[{"href":"https:\/\/www.circololarocca.it\/larocca\/wp-json\/wp\/v2\/media?parent=1475"}],"wp:term":[{"taxonomy":"category","embeddable":true,"href":"https:\/\/www.circololarocca.it\/larocca\/wp-json\/wp\/v2\/categories?post=1475"},{"taxonomy":"post_tag","embeddable":true,"href":"https:\/\/www.circololarocca.it\/larocca\/wp-json\/wp\/v2\/tags?post=1475"}],"curies":[{"name":"wp","href":"https:\/\/api.w.org\/{rel}","templated":true}]}}