{"id":1480,"date":"2013-09-29T01:06:15","date_gmt":"2013-09-28T23:06:15","guid":{"rendered":"http:\/\/www.circololarocca.it\/larocca\/?p=1480"},"modified":"2013-09-29T01:07:33","modified_gmt":"2013-09-28T23:07:33","slug":"san-benedetto-uomo-del-nostro-tempo","status":"publish","type":"post","link":"https:\/\/www.circololarocca.it\/larocca\/san-benedetto-uomo-del-nostro-tempo\/","title":{"rendered":"San Benedetto &#8211; Uomo del nostro tempo"},"content":{"rendered":"<p>Fra Elia, ma perch\u00e9 ci parli sempre di San Benedetto ?<\/p>\n<p>Cercher\u00f2 di rispondere in modo sintetico, se ci riesco. Benedetto \u00e8 un esempio di rara luminosit\u00e0 in un tempo oscuro, cos\u00ec luminoso che lo sua luce si irradia sino ai nostri giorni.<\/p>\n<p>Oggi parliamo di epoca traumatica, ferita, difficile, proviamo per\u00f2 ad immaginare quale fosse il clima nei tempi di un impero romano preda delle invasioni dei barbari. Tutte le istituzioni erano distrutte o messe in ombra ( leggete l\u2019agile romanzo di Louis De Wohl, La citt\u00e0 di Dio, su tale periodo, ed. BUR): una situazione peggiore della nostra credetemi !<\/p>\n<p>In quei tempi San Benedetto ha posto il seme dell\u2019Europa cristiana, aggregando uomini che decisero di vivere insieme nella sequela di Cristo, attraverso\u00a0 la preghiera e il lavoro, nel rinnegamento di se stessi per un bene comune e superiore.\u00a0 Chi segu\u00ec le proprie ambizioni, paure, non ha lasciato tracce, coloro che seguirono Benedetto posero le fondamenta della nostra civilt\u00e0 cristiana.<\/p>\n<p>Ricordiamo che San Benedetto non part\u00ec per costruire una societ\u00e0 migliore, pi\u00f9 giusta, pi\u00f9 libera, visse semplicemente\u00a0 e seriamente i suoi ideali cristiani e di fatto lo fece, e non per s\u00e9 ma coloro che vennero dopo.<\/p>\n<p>Seppe vivere per il domani, avendo riguardo per il Suo presente.<\/p>\n<p>Chi avrebbe dato credito ad un futuro, scommesso ad un uomo che si ritira sulle montagne ? Chi avrebbe pensato che da l\u00ec sarebbe partita la fondazione dell\u2019Europa cristiana ?<\/p>\n<p>Emulo dei primi dodici San Benedetto ci ricorda che il fuoco dello Spirito Santo illumina il mondo e fa di ognuno di noi il potenziale portatore di una novit\u00e0 pi\u00f9 forte della morte, dunque al bando i tristi fatalismi e impegnamo vigore nell\u2019imitare Cristo e i suoi Santi.<\/p>\n<p>Fra Elia<\/p>\n","protected":false},"excerpt":{"rendered":"<p>Fra Elia, ma perch\u00e9 ci parli sempre di San Benedetto ? Cercher\u00f2 di rispondere in modo sintetico, se ci riesco. Benedetto \u00e8 un esempio di rara luminosit\u00e0 in un tempo oscuro, cos\u00ec luminoso che lo sua luce si irradia sino ai nostri giorni. Oggi parliamo di epoca traumatica, ferita, difficile, proviamo per\u00f2 ad immaginare quale &#8230; <a class=\"read-more\" href=\"https:\/\/www.circololarocca.it\/larocca\/san-benedetto-uomo-del-nostro-tempo\/\">Leggi ancora<\/a><\/p>\n","protected":false},"author":15,"featured_media":1481,"comment_status":"open","ping_status":"closed","sticky":false,"template":"","format":"standard","meta":[],"categories":[11],"tags":[],"_links":{"self":[{"href":"https:\/\/www.circololarocca.it\/larocca\/wp-json\/wp\/v2\/posts\/1480"}],"collection":[{"href":"https:\/\/www.circololarocca.it\/larocca\/wp-json\/wp\/v2\/posts"}],"about":[{"href":"https:\/\/www.circololarocca.it\/larocca\/wp-json\/wp\/v2\/types\/post"}],"author":[{"embeddable":true,"href":"https:\/\/www.circololarocca.it\/larocca\/wp-json\/wp\/v2\/users\/15"}],"replies":[{"embeddable":true,"href":"https:\/\/www.circololarocca.it\/larocca\/wp-json\/wp\/v2\/comments?post=1480"}],"version-history":[{"count":2,"href":"https:\/\/www.circololarocca.it\/larocca\/wp-json\/wp\/v2\/posts\/1480\/revisions"}],"predecessor-version":[{"id":1483,"href":"https:\/\/www.circololarocca.it\/larocca\/wp-json\/wp\/v2\/posts\/1480\/revisions\/1483"}],"wp:featuredmedia":[{"embeddable":true,"href":"https:\/\/www.circololarocca.it\/larocca\/wp-json\/wp\/v2\/media\/1481"}],"wp:attachment":[{"href":"https:\/\/www.circololarocca.it\/larocca\/wp-json\/wp\/v2\/media?parent=1480"}],"wp:term":[{"taxonomy":"category","embeddable":true,"href":"https:\/\/www.circololarocca.it\/larocca\/wp-json\/wp\/v2\/categories?post=1480"},{"taxonomy":"post_tag","embeddable":true,"href":"https:\/\/www.circololarocca.it\/larocca\/wp-json\/wp\/v2\/tags?post=1480"}],"curies":[{"name":"wp","href":"https:\/\/api.w.org\/{rel}","templated":true}]}}